[{"@context":"https:\/\/schema.org\/","@type":"Article","@id":"https:\/\/www.sonoras.cz\/zprijemnete-svym-detem-chvilky-hrani\/#Article","mainEntityOfPage":"https:\/\/www.sonoras.cz\/zprijemnete-svym-detem-chvilky-hrani\/","headline":"Zp\u0159\u00edjemn\u011bte sv\u00fdm d\u011btem chvilky hran\u00ed","name":"Zp\u0159\u00edjemn\u011bte sv\u00fdm d\u011btem chvilky hran\u00ed","description":"Pat\u0159\u00ed Va\u0161e d\u011bti st\u00e1le k t\u011bm, kte\u0159\u00ed maj\u00ed v oblib\u011b klasick\u00e9 d\u0159ev\u011bn\u00e9 hra\u010dky, mal\u00e1 aut\u00ed\u010dka \u010di panenky m\u00edsto dne\u0161n\u00edch technologicky vymo\u017een\u00fdch mobiln\u00edch p\u0159\u00edstroj\u016f a jin\u00fdch elektronick\u00fdch vymo\u017eenost\u00ed? Pot\u011b\u0161\u00ed je tedy <a class=\"more-link\" href=\"https:\/\/www.sonoras.cz\/zprijemnete-svym-detem-chvilky-hrani\/\">[ . . . ]<\/a>","datePublished":"2024-11-28","dateModified":"2024-11-28","author":{"@type":"Person","@id":"https:\/\/www.sonoras.cz\/author\/#Person","name":"","url":"https:\/\/www.sonoras.cz\/author\/","identifier":1,"image":{"@type":"ImageObject","@id":"https:\/\/secure.gravatar.com\/avatar\/04053961f5a3d2af1f56d865c7fc774bb6a80b9754b2f4c57fa4f8cefa253bd4?s=96&d=mm&r=g","url":"https:\/\/secure.gravatar.com\/avatar\/04053961f5a3d2af1f56d865c7fc774bb6a80b9754b2f4c57fa4f8cefa253bd4?s=96&d=mm&r=g","height":96,"width":96}},"publisher":{"@type":"Organization","name":"sonoras.cz","logo":{"@type":"ImageObject","@id":"\/logo.png","url":"\/logo.png","width":600,"height":60}},"url":"https:\/\/www.sonoras.cz\/zprijemnete-svym-detem-chvilky-hrani\/","wordCount":194,"articleBody":"Pat\u0159\u00ed Va\u0161e d\u011bti st\u00e1le k t\u011bm, kte\u0159\u00ed maj\u00ed v oblib\u011b klasick\u00e9 d\u0159ev\u011bn\u00e9 hra\u010dky, mal\u00e1 aut\u00ed\u010dka \u010di panenky m\u00edsto dne\u0161n\u00edch technologicky vymo\u017een\u00fdch mobiln\u00edch p\u0159\u00edstroj\u016f a jin\u00fdch elektronick\u00fdch vymo\u017eenost\u00ed? Pot\u011b\u0161\u00ed je tedy ka\u017ed\u00e1 drobnost, s n\u00ed\u017e si mohou hr\u00e1t? T\u0159eba jim ud\u011bl\u00e1te radost, kdy\u017e jim do jejich pokoj\u00ed\u010dku po\u0159\u00edd\u00edte koberec s fotbalov\u00fdm h\u0159i\u0161t\u011bm nebo s pl\u00e1nem m\u011bsta, po n\u011bm\u017e mohou povozit sv\u00e1 aut\u00ed\u010dka \u010di s medv\u00eddky a kyti\u010dkami, kter\u00e9 uv\u00edtaj\u00ed zejm\u00e9na d\u011bv\u010d\u00e1tka! Zv\u00ed\u0159\u00e1tka v\u017edy vykouzl\u00ed \u00fasm\u011bv na tv\u00e1\u0159i t\u011bm nejmen\u0161\u00edm Kter\u00e9 d\u00edt\u011b nepot\u011b\u0161\u00ed, kdy\u017e uvid\u00ed mal\u00e9 zv\u00ed\u0159\u00e1tko, kter\u00e9 se na n\u011bj usm\u00edv\u00e1? A\u0165 u\u017e je to medv\u00eddek, slon nebo opi\u010dka, v\u0161ichni dok\u00e1\u017e\u00ed mal\u00fdm d\u011btem ud\u011blat radost! Po\u0159i\u010fte jim proto koberec s motivy t\u011bchto vesel\u00fdch zv\u00ed\u0159\u00e1tek, kter\u00e9 jim v\u017edy zlep\u0161\u00ed chmurnou n\u00e1ladu a d\u011bti tak zapomenou na nep\u0159\u00edjemn\u00e9 tr\u00e1pen\u00ed.                                                                                                                                                                                                                                                                                                                                                                                        3.7\/5 - (4 votes)        "},{"@context":"https:\/\/schema.org\/","@type":"BreadcrumbList","itemListElement":[{"@type":"ListItem","position":1,"name":"Zp\u0159\u00edjemn\u011bte sv\u00fdm d\u011btem chvilky hran\u00ed","item":"https:\/\/www.sonoras.cz\/zprijemnete-svym-detem-chvilky-hrani\/#breadcrumbitem"}]}]