[{"@context":"https:\/\/schema.org\/","@type":"Article","@id":"https:\/\/www.sonoras.cz\/solarni-plachta-na-bazen-neni-jen-komercni-nesmysl\/#Article","mainEntityOfPage":"https:\/\/www.sonoras.cz\/solarni-plachta-na-bazen-neni-jen-komercni-nesmysl\/","headline":"Sol\u00e1rn\u00ed plachta na baz\u00e9n nen\u00ed jen komer\u010dn\u00ed nesmysl","name":"Sol\u00e1rn\u00ed plachta na baz\u00e9n nen\u00ed jen komer\u010dn\u00ed nesmysl","description":"Sol\u00e1rn\u00ed plachta na zakryt\u00ed hladiny baz\u00e9nu je sp\u00ed\u0161e p\u0159enesen\u00fd v\u00fdraz, ve skute\u010dnosti jde o polyetylenovou kryc\u00ed vrstvu, kter\u00e1 se n\u00e1padn\u011b podob\u00e1 bublinkov\u00e9 f\u00f3lii. Nejde v\u0161ak o pouh\u00fd balic\u00ed materi\u00e1l, f\u00f3lie <a class=\"more-link\" href=\"https:\/\/www.sonoras.cz\/solarni-plachta-na-bazen-neni-jen-komercni-nesmysl\/\">[ . . . ]<\/a>","datePublished":"2022-03-05","dateModified":"2022-03-05","author":{"@type":"Person","@id":"https:\/\/www.sonoras.cz\/author\/#Person","name":"","url":"https:\/\/www.sonoras.cz\/author\/","identifier":1,"image":{"@type":"ImageObject","@id":"https:\/\/secure.gravatar.com\/avatar\/04053961f5a3d2af1f56d865c7fc774bb6a80b9754b2f4c57fa4f8cefa253bd4?s=96&d=mm&r=g","url":"https:\/\/secure.gravatar.com\/avatar\/04053961f5a3d2af1f56d865c7fc774bb6a80b9754b2f4c57fa4f8cefa253bd4?s=96&d=mm&r=g","height":96,"width":96}},"publisher":{"@type":"Organization","name":"sonoras.cz","logo":{"@type":"ImageObject","@id":"\/logo.png","url":"\/logo.png","width":600,"height":60}},"image":{"@type":"ImageObject","@id":"https:\/\/www.sonoras.cz\/wp-content\/uploads\/pool-5287241_640_1.jpg","url":"https:\/\/www.sonoras.cz\/wp-content\/uploads\/pool-5287241_640_1.jpg","height":0,"width":0},"url":"https:\/\/www.sonoras.cz\/solarni-plachta-na-bazen-neni-jen-komercni-nesmysl\/","about":["N\u00e1kupy"],"wordCount":428,"articleBody":"   Sol\u00e1rn\u00ed plachta na zakryt\u00ed hladiny baz\u00e9nu je sp\u00ed\u0161e p\u0159enesen\u00fd v\u00fdraz, ve skute\u010dnosti jde o polyetylenovou kryc\u00ed vrstvu, kter\u00e1 se n\u00e1padn\u011b podob\u00e1 bublinkov\u00e9 f\u00f3lii. Nejde v\u0161ak o pouh\u00fd balic\u00ed materi\u00e1l, f\u00f3lie pro baz\u00e9ny se vyr\u00e1b\u00ed ve vy\u0161\u0161\u00ed kvalitativn\u00ed t\u0159\u00edd\u011b, s p\u0159edpokl\u00e1danou dlouhou \u017eivotnost\u00ed p\u0159i \u0161etrn\u00e9m zach\u00e1zen\u00ed n\u011bkolika let, mo\u017en\u00e1 i d\u00e9le, ne\u017e deseti let.Vyu\u017eit\u00ed sol\u00e1rn\u00ed plachty je mnohem \u0161ir\u0161\u00ed, ne\u017e jen zakryt\u00ed hladiny, aby se v n\u00ed nepot\u00e1p\u011bl hmyz a listy ze strom\u016f. V\u00fdraz sol\u00e1rn\u00ed souvis\u00ed s podporou udr\u017een\u00ed pot\u0159ebn\u00e9 teploty vody na koup\u00e1n\u00ed, f\u00f3lie z\u010d\u00e1sti br\u00e1n\u00ed \u00faniku tepla z n\u00e1dr\u017ee a t\u00edm sni\u017euje n\u00e1klady na oh\u0159\u00edv\u00e1n\u00ed vody. Mo\u017en\u00e1 jste n\u011bkde zaslechli poh\u00e1dku o bublink\u00e1ch, kter\u00e9 zesiluj\u00ed \u00fa\u010dinek slune\u010dn\u00edch paprsk\u016f jako lupa, a t\u00edm vodu oh\u0159\u00edvaj\u00ed, to je skute\u010dn\u011b jen poh\u00e1dka, je to v\u00fdmysl, kter\u00fd koluje nap\u0159\u00ed\u010d webov\u00fdm prostorem, a n\u011bkte\u0159\u00ed lid\u00e9 mu mohou slep\u011b uv\u011b\u0159it.Co v\u0161ak poh\u00e1dkou nen\u00ed, ale co mo\u017en\u00e1 n\u011bkte\u0159\u00ed z v\u00e1s podce\u0148uj\u00ed, je vodn\u00ed v\u00fdpar. Vypa\u0159ov\u00e1n\u00ed vody je jev, kter\u00fd prob\u00edh\u00e1 v p\u0159\u00edrod\u011b neust\u00e1le, 24 hodin denn\u011b, a \u010d\u00edm vy\u0161\u0161\u00ed teplota a ni\u017e\u0161\u00ed vlhkost vzduchu, t\u00edm rychleji se voda odpa\u0159uje. V l\u00e9t\u011b to m\u016f\u017ee b\u00fdt u va\u0161eho zahradn\u00edho baz\u00e9nu i n\u011bkolik des\u00edtek litr\u016f za den, a kdy\u017e si je vyn\u00e1sob\u00edte po\u010dtem dn\u016f, kdy je baz\u00e9n v provozu, doberete se k zaj\u00edmav\u00fdm v\u00fdsledk\u016fm. Za rok to na vodn\u00e9m a sto\u010dn\u00e9m m\u016f\u017ee d\u011blat i v\u00edce, ne\u017e tis\u00edc korun, ov\u0161em m\u00e1te-li na hladin\u011b baz\u00e9nu sol\u00e1rn\u00ed plachtu, vypa\u0159uj\u00edc\u00ed se vodn\u00ed p\u00e1ra se od n\u00ed odraz\u00ed zp\u011bt do vody a v\u00fdpar se sn\u00ed\u017e\u00ed prakticky na nulu. Snadno si pak spo\u010d\u00edt\u00e1te, za jak dlouho se v\u00e1m kryc\u00ed plachta zaplat\u00ed, a od kdy pak bude \u0161et\u0159it va\u0161i pen\u011b\u017eenku. A p\u0159i dne\u0161n\u00edch cen\u00e1ch energi\u00ed to nemus\u00ed b\u00fdt zrovna zanedbateln\u00e1 \u010d\u00e1stka. Jak vid\u00edte, plachta na hladin\u011b baz\u00e9nu nen\u00ed jen komer\u010dn\u00ed trik, jak z v\u00e1s vyt\u00e1hnout pen\u00edze, ale je to sp\u00ed\u0161e naopak trik, jak je p\u0159i provozu baz\u00e9nu u\u0161et\u0159it.                                                                                                                                                                                                                                                                                                                                                                                          4.6\/5 - (9 votes)        "},{"@context":"https:\/\/schema.org\/","@type":"BreadcrumbList","itemListElement":[{"@type":"ListItem","position":1,"name":"Sol\u00e1rn\u00ed plachta na baz\u00e9n nen\u00ed jen komer\u010dn\u00ed nesmysl","item":"https:\/\/www.sonoras.cz\/solarni-plachta-na-bazen-neni-jen-komercni-nesmysl\/#breadcrumbitem"}]}]