[{"@context":"https:\/\/schema.org\/","@type":"Article","@id":"https:\/\/www.sonoras.cz\/skolske-prazdniny\/#Article","mainEntityOfPage":"https:\/\/www.sonoras.cz\/skolske-prazdniny\/","headline":"\u0160kolsk\u00e9 pr\u00e1zdniny","name":"\u0160kolsk\u00e9 pr\u00e1zdniny","description":"Spom\u00ednate si, s ak\u00fdm o\u010dak\u00e1van\u00edm ste vyzerali vyt\u00fa\u017een\u00e9 pr\u00e1zdniny? Kto by ich nemal r\u00e1d? Po nekone\u010dnom \u0161kolskom roku, kedy ste boli n\u00faten\u00ed skoro vst\u00e1va\u0165, u\u010di\u0165 sa a mnohokr\u00e1t robi\u0165 dom\u00e1ce <a class=\"more-link\" href=\"https:\/\/www.sonoras.cz\/skolske-prazdniny\/\">[ . . . ]<\/a>","datePublished":"2024-10-27","dateModified":"2024-10-27","author":{"@type":"Person","@id":"https:\/\/www.sonoras.cz\/author\/#Person","name":"","url":"https:\/\/www.sonoras.cz\/author\/","identifier":1,"image":{"@type":"ImageObject","@id":"https:\/\/secure.gravatar.com\/avatar\/04053961f5a3d2af1f56d865c7fc774bb6a80b9754b2f4c57fa4f8cefa253bd4?s=96&d=mm&r=g","url":"https:\/\/secure.gravatar.com\/avatar\/04053961f5a3d2af1f56d865c7fc774bb6a80b9754b2f4c57fa4f8cefa253bd4?s=96&d=mm&r=g","height":96,"width":96}},"publisher":{"@type":"Organization","name":"sonoras.cz","logo":{"@type":"ImageObject","@id":"\/logo.png","url":"\/logo.png","width":600,"height":60}},"url":"https:\/\/www.sonoras.cz\/skolske-prazdniny\/","wordCount":258,"articleBody":"\tSpom\u00ednate si, s ak\u00fdm o\u010dak\u00e1van\u00edm ste vyzerali vyt\u00fa\u017een\u00e9 pr\u00e1zdniny? Kto by ich nemal r\u00e1d? Po nekone\u010dnom \u0161kolskom roku, kedy ste boli n\u00faten\u00ed skoro vst\u00e1va\u0165, u\u010di\u0165 sa a mnohokr\u00e1t robi\u0165 dom\u00e1ce \u00falohy? Ur\u010dite \u00e1no. Rovnako ako vy, tak sa na \u0161kolsk\u00e9 pr\u00e1zdniny te\u0161ia aj va\u0161e deti. Iba ten \u010das sa ned\u00e1 zastavi\u0165. Ako v\u0161ak \u00fa\u010delne vyplni\u0165 ich vo\u013en\u00fd \u010das? \u010co im umo\u017eni\u0165 prespa\u0165 na z\u00e1hrade alebo v inom k\u00fate va\u0161ej z\u00e1hrady? \u017de je to nezaujme? No, mo\u017eno sa n\u00e1jde jedinec, ktor\u00fd d\u00e1 pred touto romantikou prednos\u0165 pr\u00e1ci na po\u010d\u00edta\u010di, pr\u00edpadne hran\u00edm hier. Toto v\u0161ak nie je v \u017eiadnom pr\u00edpade v\u00fdhodn\u00e9 vyu\u017eitie ich vo\u013en\u00e9ho \u010dasu. Ove\u013ea lep\u0161ie a z\u00e1rove\u0148 aj zdrav\u0161ie je akt\u00edvne vyu\u017eitie. Jednou z mo\u017enost\u00ed je aj mo\u017enos\u0165 odpo\u010dinku na z\u00e1hrade.\tSpr\u00e1vny odpo\u010dinokJednou z mo\u017enost\u00ed spr\u00e1vneho odpo\u010dinku m\u00f4\u017ee by\u0165 odpo\u010dinut\u00ed na z\u00e1hrade \u010di l\u00fake. Je v\u0161ak mo\u017en\u00e9 v dne\u0161nej dobe prost\u00e9 za\u013eahnutie dleh\u00e1tko tr\u00e1vy? Ur\u010dite nie. Ove\u013ea lep\u0161ie a bezpe\u010dnej\u0161ie je mo\u017enos\u0165 pou\u017eitia nafukovacieho leh\u00e1tka. Pri akt\u00edvnom vyu\u017eit\u00ed vo\u013en\u00e9ho \u010dasu nielen\u017ee n\u00e1jdu nov\u00e9 kamar\u00e1ta, ale odpo\u010dinut\u00ed si op\u00e4tovne radi sadn\u00fa do \u0161kolsk\u00fdch lav\u00edc.                                                                                                                                                                                                                                                                                                                                                                                        4.5\/5 - (2 votes)        "},{"@context":"https:\/\/schema.org\/","@type":"BreadcrumbList","itemListElement":[{"@type":"ListItem","position":1,"name":"\u0160kolsk\u00e9 pr\u00e1zdniny","item":"https:\/\/www.sonoras.cz\/skolske-prazdniny\/#breadcrumbitem"}]}]