[{"@context":"https:\/\/schema.org\/","@type":"Article","@id":"https:\/\/www.sonoras.cz\/sidlo-i-pro-osvc\/#Article","mainEntityOfPage":"https:\/\/www.sonoras.cz\/sidlo-i-pro-osvc\/","headline":"S\u00eddlo i pro OSV\u010c","name":"S\u00eddlo i pro OSV\u010c","description":"Povzdechnut\u00edm v \u00favodn\u00edku \u010dl\u00e1nku, m\u00e1m na mysli p\u0159edev\u0161\u00edm slu\u017eby typu r\u016fzn\u00fdch virtu\u00e1ln\u00edch s\u00eddel a z\u00e1le\u017eitost\u00ed, s nimi spojen\u00fdch. Pro\u010d se nab\u00edz\u00ed jen s\u00eddlo spole\u010dnostem s ru\u010den\u00edm omezen\u00fdm, tedy pr\u00e1vnick\u00fdm osob\u00e1m <a class=\"more-link\" href=\"https:\/\/www.sonoras.cz\/sidlo-i-pro-osvc\/\">[ . . . ]<\/a>","datePublished":"2022-05-14","dateModified":"2022-05-14","author":{"@type":"Person","@id":"https:\/\/www.sonoras.cz\/author\/#Person","name":"","url":"https:\/\/www.sonoras.cz\/author\/","identifier":1,"image":{"@type":"ImageObject","@id":"https:\/\/secure.gravatar.com\/avatar\/04053961f5a3d2af1f56d865c7fc774bb6a80b9754b2f4c57fa4f8cefa253bd4?s=96&d=mm&r=g","url":"https:\/\/secure.gravatar.com\/avatar\/04053961f5a3d2af1f56d865c7fc774bb6a80b9754b2f4c57fa4f8cefa253bd4?s=96&d=mm&r=g","height":96,"width":96}},"publisher":{"@type":"Organization","name":"sonoras.cz","logo":{"@type":"ImageObject","@id":"\/logo.png","url":"\/logo.png","width":600,"height":60}},"image":{"@type":"ImageObject","@id":"https:\/\/www.sonoras.cz\/wp-content\/uploads\/IBC_4.jpg","url":"https:\/\/www.sonoras.cz\/wp-content\/uploads\/IBC_4.jpg","height":0,"width":0},"url":"https:\/\/www.sonoras.cz\/sidlo-i-pro-osvc\/","about":["Spole\u010dnosti"],"wordCount":464,"articleBody":"         Povzdechnut\u00edm v \u00favodn\u00edku \u010dl\u00e1nku, m\u00e1m na mysli p\u0159edev\u0161\u00edm slu\u017eby typu r\u016fzn\u00fdch virtu\u00e1ln\u00edch s\u00eddel a z\u00e1le\u017eitost\u00ed, s nimi spojen\u00fdch. Pro\u010d se nab\u00edz\u00ed jen s\u00eddlo spole\u010dnostem s ru\u010den\u00edm omezen\u00fdm, tedy pr\u00e1vnick\u00fdm osob\u00e1m a nemysl\u00ed se na osoby fyzick\u00e9, tedy ony osoby samostatn\u011b v\u00fdd\u011ble\u010dn\u011b \u010dinn\u00e9, ve zkratce OSV\u010c?Je to z\u0159ejm\u011b jen v\u00e1\u0161 pocit. Je sice pravdo, \u017ee s\u00eddlo spole\u010dnosti je, u\u017e podle n\u00e1zvu pokl\u00e1d\u00e1no za slu\u017ebu pouze pr\u00e1vnick\u00fdm osob\u00e1m, ale virtu\u00e1ln\u00ed s\u00eddlo OSV\u010c nab\u00edz\u00edme tak\u00e9 my (viz. odkaz).Na tento probl\u00e9m se toti\u017e dok\u00e1\u017eeme pod\u00edvat i z \u00fahlu on\u00e9 fyzick\u00e9 osoby, kter\u00e1 vlastn\u011b \u0159e\u0161\u00ed to sam\u00e9 \u00faskal\u00ed po\u010d\u00e1tku sv\u00e9ho podnik\u00e1n\u00ed, jako jak\u00e1koliv pr\u00e1vnick\u00e1 osoba. Tak\u00e9 pot\u0159ebuje pro \u00fa\u0159ady dolo\u017eit, m\u00edsto odkud bude v\u00e9st sv\u00e9 podnik\u00e1n\u00ed. Jen se u osob samostatn\u011b v\u00fdd\u011ble\u010dn\u011b \u010dinn\u00fdch nenaz\u00fdv\u00e1 s\u00eddlem, n\u00fdbr\u017e provozovnou. Ano, n\u00e1zev je pon\u011bkud zav\u00e1d\u011bj\u00edc\u00ed.Auto\u0159i z\u00e1kon\u016f z\u0159ejm\u011b nep\u0159edpokl\u00e1dali, \u017ee by fyzick\u00e9 osoby mohly d\u011blat n\u011bco jin\u00e9ho, ne\u017e v n\u011bjak\u00e9 trafice prod\u00e1vat noviny, \u010di v n\u011bjak\u00e9m kutlochu na verp\u00e1nku opravovat na\u0161e boty. Na tyto \u010dinnosti se n\u00e1zev provozovna samoz\u0159ejm\u011b hod\u00ed. Jen\u017ee co t\u0159eba v\u00fd\u017eivov\u00fd poradce, \u00fa\u010detn\u00ed, \u010di asistentka kohokoliv? Podnikaj\u00ed z domova. A uv\u00e9st adresu provozovny adresu domova je jist\u011b do ur\u010dit\u00e9 m\u00edry o\u0161emetn\u00e1 v\u011bc.Za prv\u00e9, prozrad\u00edte z\u00e1kazn\u00edk\u016fm i konkurenci kde v\u00e1s mohou hledat, co\u017e n\u011bkdy m\u016f\u017ee b\u00fdt velice nep\u0159\u00edjemn\u00e9 a hlavn\u011b, ti, co nebydl\u00ed ve sv\u00e9m, mus\u00ed z\u00edskat od pronajimatele souhlas s um\u00edst\u011bn\u00edm provozovny. A v\u011b\u0159te, nebo ne, ten souhlas se v\u00e1m bude z\u00edsk\u00e1vat velice obt\u00ed\u017en\u011b. D\u016fvody jsou z\u0159ejm\u00e9, a v\u0161echny pramen\u00ed z jist\u00e9 ned\u016fv\u011bry k v\u00e1m a tak\u00e9 z neochoty \u0159e\u0161it p\u0159\u00edpadn\u00e9 probl\u00e9my, kter\u00e9 by se objevily v p\u0159\u00edpad\u011b va\u0161eho obchodn\u00edho ne\u00fasp\u011bchu.\u0158e\u0161en\u00edm je na\u0161e nab\u00eddka. S\u00eddlo, respektive provozovnu si m\u016f\u017eete um\u00edstit u n\u00e1s. Z\u00edsk\u00e1te dobrou adresu, z\u00edsk\u00e1te doklad vyjad\u0159uj\u00edc\u00ed n\u00e1\u0161 souhlas s um\u00edst\u011bn\u00edm va\u0161eho s\u00eddla a z\u00edsk\u00e1te spoustu dal\u0161\u00edch slu\u017eeb, kter\u00e9 na\u0161e smlouva p\u0159in\u00e1\u0161\u00ed. T\u0159eba mo\u017enost vyu\u017eit\u00ed na\u0161ich kancel\u00e1\u0159\u00ed v Praze i v Brn\u011b ke sv\u00fdm obchodn\u00edm jedn\u00e1n\u00edm.                                                                                                                                                                                                                                                                                                                                                                                          5\/5 - (3 votes)        "},{"@context":"https:\/\/schema.org\/","@type":"BreadcrumbList","itemListElement":[{"@type":"ListItem","position":1,"name":"S\u00eddlo i pro OSV\u010c","item":"https:\/\/www.sonoras.cz\/sidlo-i-pro-osvc\/#breadcrumbitem"}]}]