[{"@context":"https:\/\/schema.org\/","@type":"Article","@id":"https:\/\/www.sonoras.cz\/prestante-se-bat-sukni\/#Article","mainEntityOfPage":"https:\/\/www.sonoras.cz\/prestante-se-bat-sukni\/","headline":"P\u0159esta\u0148te se b\u00e1t sukn\u00ed!","name":"P\u0159esta\u0148te se b\u00e1t sukn\u00ed!","description":"Sukn\u011b jsou v p\u0159\u00edpad\u011b n\u011bkter\u00fdch \u017een st\u00e1le velmi nedocen\u011bn\u00fdm od\u011bvem. P\u0159esto\u017ee je st\u00e1le zima a p\u0159i cest\u011b do pr\u00e1ce nebo na sch\u016fzky n\u00e1s prov\u00e1z\u00ed mraziv\u00e9 po\u010das\u00ed, m\u016f\u017eeme zvolit takovou variantu, <a class=\"more-link\" href=\"https:\/\/www.sonoras.cz\/prestante-se-bat-sukni\/\">[ . . . ]<\/a>","datePublished":"2020-10-15","dateModified":"2020-10-15","author":{"@type":"Person","@id":"https:\/\/www.sonoras.cz\/author\/#Person","name":"","url":"https:\/\/www.sonoras.cz\/author\/","identifier":1,"image":{"@type":"ImageObject","@id":"https:\/\/secure.gravatar.com\/avatar\/04053961f5a3d2af1f56d865c7fc774bb6a80b9754b2f4c57fa4f8cefa253bd4?s=96&d=mm&r=g","url":"https:\/\/secure.gravatar.com\/avatar\/04053961f5a3d2af1f56d865c7fc774bb6a80b9754b2f4c57fa4f8cefa253bd4?s=96&d=mm&r=g","height":96,"width":96}},"publisher":{"@type":"Organization","name":"sonoras.cz","logo":{"@type":"ImageObject","@id":"\/logo.png","url":"\/logo.png","width":600,"height":60}},"image":{"@type":"ImageObject","@id":"https:\/\/www.sonoras.cz\/wp-content\/uploads\/img_a336581_w2778_t1549966219.jpg","url":"https:\/\/www.sonoras.cz\/wp-content\/uploads\/img_a336581_w2778_t1549966219.jpg","height":0,"width":0},"url":"https:\/\/www.sonoras.cz\/prestante-se-bat-sukni\/","wordCount":445,"articleBody":"Sukn\u011b jsou v p\u0159\u00edpad\u011b n\u011bkter\u00fdch \u017een st\u00e1le velmi nedocen\u011bn\u00fdm od\u011bvem. P\u0159esto\u017ee je st\u00e1le zima a p\u0159i cest\u011b do pr\u00e1ce nebo na sch\u016fzky n\u00e1s prov\u00e1z\u00ed mraziv\u00e9 po\u010das\u00ed, m\u016f\u017eeme zvolit takovou variantu, kter\u00e1 bude \u0161ik, a p\u0159itom v n\u00ed nezmrzneme. Moudr\u00e9 je zvolit sukn\u011b s vysok\u00fdm pasem \/ do pasu, abyste p\u0159ede\u0161li nachlazen\u00ed \u2013 mimoto tato varianta i l\u00e9pe vypad\u00e1. Nezapome\u0148te na pun\u010doch\u00e1\u010de! Pokud vol\u00edte sukn\u011b jednoduch\u00e9, t\u00edm v\u00edce extravagantn\u00ed pun\u010dochy m\u016f\u017eete um\u00edstit pod n\u011b.  Mini sukn\u011b Zde bu\u010fte velmi opatrn\u00e1 s materi\u00e1lem a vyberte takov\u00fd, kter\u00fd v\u00e1s zah\u0159eje. Ide\u00e1ln\u00ed jsou siln\u011bj\u0161\u00ed vl\u00e1kna a pevn\u011bj\u0161\u00ed tvar \u2013 nap\u0159. man\u0161estr nebo denim. D\u017e\u00ednov\u00e1 sukn\u011b s v\u00fd\u0161ivkami nebo man\u0161estrov\u00e1 s knofl\u00edky pat\u0159i\u010dn\u011b ozvl\u00e1\u0161tn\u00ed ka\u017ed\u00fd outfit. Midi sukn\u011b Tento typ je nyn\u00ed velmi obl\u00edben\u00fd. P\u016fsob\u00ed elegantn\u011b, a krom\u011b materi\u00e1l\u016f zm\u00edn\u011bn\u00fdch u minisukn\u00ed, zde m\u016f\u017eeme nal\u00e9zt v obchodech i kousky jemn\u011bj\u0161\u00edch materi\u00e1l\u016f, nap\u0159. r\u016fzn\u00e9 plisovan\u00e9 sukn\u011b nebo \u0161ifonov\u00e9 \u2013 u t\u011bchto je v\u0161ak nutn\u00e9 db\u00e1t na vrstven\u00ed, zejm\u00e9na p\u0159i mraziv\u00e9m po\u010das\u00ed by se v\u00e1m nemusely p\u0159\u00edli\u0161 vyplatit.  Maxi sukn\u011b D\u00edky sv\u00e9 d\u00e9lce budou nejsp\u00ed\u0161e tou nejlep\u0161\u00ed variantou. Materi\u00e1l\u016fm a fantazii se zde meze nekladou. Nem\u011bly by v\u0161ak b\u00fdt p\u0159\u00edli\u0161 dlouh\u00e9, vyb\u00edrejte v\u017edy d\u00e9lku nad kotn\u00edky. Co pod sukn\u011b jsme si ji\u017e pov\u011bd\u011bli. Ale co k nim? Nen\u00ed nad p\u0159\u00edjemnou flanelovou ko\u0161ili nebo tepl\u00fd hu\u0148at\u00fd svetr, kter\u00fd m\u016f\u017eete do sukn\u011b zastrkat. V\u00fdb\u011br bot a kabelek je tak \u0161irok\u00fd, \u017ee je za celou zimu ani nem\u016f\u017eete sta\u010dit v\u0161echny vyst\u0159\u00eddat \u2013 a nezapome\u0148te \u017ee pravidlo, kter\u00e9 \u0159\u00edk\u00e1, \u017ee boty mus\u00ed barevn\u011b a stylov\u011b ladit ke kabelce, je u\u017e d\u00e1vno pas\u00e9. Zkuste pro zm\u011bnu jeden z t\u011bchto \u201edopl\u0148k\u016f\u201c sladit se sukn\u00ed nebo svetrem, a nebojte se barev. Zima m\u016f\u017ee b\u00fdt i vesel\u00e1 a p\u0159\u00edv\u011btiv\u00e1 pr\u00e1v\u011b i d\u00edky va\u0161emu \u0161atn\u00edku. Ne nadarmo se \u0159\u00edk\u00e1, \u017ee to, co nos\u00edme, je \u00fazce spojeno s t\u00edm, co pr\u00e1v\u011b pro\u017e\u00edv\u00e1me \u2013 a plat\u00ed to i nazp\u011bt. Nejen\u017ee m\u016f\u017eete pomoc\u00ed outfitu vyj\u00e1d\u0159it sv\u00e9 moment\u00e1ln\u00ed rozpolo\u017een\u00ed, m\u016f\u017eete tak\u00e9 d\u00edky n\u011bmu ur\u010dit\u011b, jakou n\u00e1ladu budete ten, kter\u00fd den m\u00edt \u2013 nen\u00ed to kouzeln\u00e9?                                                                                                                                                                                                                                                                                                                                                                                         4.6\/5 - (8 votes)        "},{"@context":"https:\/\/schema.org\/","@type":"BreadcrumbList","itemListElement":[{"@type":"ListItem","position":1,"name":"P\u0159esta\u0148te se b\u00e1t sukn\u00ed!","item":"https:\/\/www.sonoras.cz\/prestante-se-bat-sukni\/#breadcrumbitem"}]}]