[{"@context":"https:\/\/schema.org\/","@type":"Article","@id":"https:\/\/www.sonoras.cz\/pohoda-na-zahrade-ci-terase\/#Article","mainEntityOfPage":"https:\/\/www.sonoras.cz\/pohoda-na-zahrade-ci-terase\/","headline":"Pohoda na zahrad\u011b \u010di terase","name":"Pohoda na zahrad\u011b \u010di terase","description":"Letn\u00ed vysok\u00e9 teploty jsou tady a s nimi dlouh\u00e9 dny, kdy se n\u00e1m nechce nic d\u011blat. Pokud m\u00e1te zahradu nebo terasu, pak m\u00e1te zajist\u00e9 mo\u017enost si odpo\u010dinout v klidu v <a class=\"more-link\" href=\"https:\/\/www.sonoras.cz\/pohoda-na-zahrade-ci-terase\/\">[ . . . ]<\/a>","datePublished":"2021-05-18","dateModified":"2021-05-18","author":{"@type":"Person","@id":"https:\/\/www.sonoras.cz\/author\/#Person","name":"","url":"https:\/\/www.sonoras.cz\/author\/","identifier":1,"image":{"@type":"ImageObject","@id":"https:\/\/secure.gravatar.com\/avatar\/04053961f5a3d2af1f56d865c7fc774bb6a80b9754b2f4c57fa4f8cefa253bd4?s=96&d=mm&r=g","url":"https:\/\/secure.gravatar.com\/avatar\/04053961f5a3d2af1f56d865c7fc774bb6a80b9754b2f4c57fa4f8cefa253bd4?s=96&d=mm&r=g","height":96,"width":96}},"publisher":{"@type":"Organization","name":"sonoras.cz","logo":{"@type":"ImageObject","@id":"\/logo.png","url":"\/logo.png","width":600,"height":60}},"image":{"@type":"ImageObject","@id":"https:\/\/www.sonoras.cz\/wp-content\/uploads\/%C5%BEena%20u%20baz%C3%A9nu_5.jpg","url":"https:\/\/www.sonoras.cz\/wp-content\/uploads\/%C5%BEena%20u%20baz%C3%A9nu_5.jpg","height":0,"width":0},"url":"https:\/\/www.sonoras.cz\/pohoda-na-zahrade-ci-terase\/","about":["Spole\u010dnosti"],"wordCount":417,"articleBody":"   Letn\u00ed vysok\u00e9 teploty jsou tady a s nimi dlouh\u00e9 dny, kdy se n\u00e1m nechce nic d\u011blat. Pokud m\u00e1te zahradu nebo terasu, pak m\u00e1te zajist\u00e9 mo\u017enost si odpo\u010dinout v klidu v m\u00edst\u011b, kde v\u00e1s nebude nikdo a nic otravovat. I pohodu na zahrad\u011b si m\u016f\u017eete je\u0161t\u011b zlep\u0161it za pomoc\u00ed n\u011bkter\u00fdch vyn\u00e1lez\u016f dne\u0161n\u00ed doby, kter\u00e9 prost\u011b mus\u00edte m\u00edt. Jednodu\u0161e si u\u017eijte chv\u00edle klidu.1. ZahradaZahrada je ide\u00e1ln\u00ed m\u00edsto k odpo\u010dinku, p\u0159edev\u0161\u00edm pokud m\u00e1te na zahrad\u011b vzrostl\u00e9 stromy. Pod n\u011b ide\u00e1ln\u011b um\u00edst\u011bte posezen\u00ed. Stromy toti\u017e d\u011blaj\u00ed p\u0159irozen\u00fd st\u00edn a v jejich bl\u00edzkosti je teplota a\u017e o n\u011bkolik stup\u0148\u016f ni\u017e\u0161\u00ed. Funguj\u00ed toti\u017e jako p\u0159irozen\u00e1 klimatizace. Pokud m\u00e1te r\u00e1di p\u0159irozen\u00e9 houp\u00e1n\u00ed, jsou p\u0159\u00edmo pro v\u00e1s jsou ide\u00e1ln\u00ed houpac\u00ed s\u00edt\u011b, kter\u00e9 pr\u00e1v\u011b ve st\u00ednu zajist\u00ed naprosto dokonal\u00e9 m\u00edsto k odpo\u010dinku \u010di t\u0159eba ke \u010dten\u00ed knih. Stejn\u011b tak si m\u016f\u017eete u\u017e\u00edt skv\u011blou v\u00ed\u0159ivku, kter\u00e1 je dnes velice dob\u0159e dostupn\u00e1. Nezapome\u0148te v\u0161ak na servis v\u00ed\u0159ivky, aby se v\u00e1m zbyte\u010dn\u011b brzy nezni\u010dila. Pokud budete m\u00edt na zahrad\u011b dostatek m\u00edsta, pak si m\u016f\u017eete na zahradu po\u0159\u00eddit i po\u0159\u00e1dn\u00fd baz\u00e9n a pak u\u017e se ze zahrady nemus\u00edte ani hnout.2. Terasa nebo balkonPokud nem\u00e1te to \u0161t\u011bst\u00ed ale m\u00e1te aspo\u0148 terasu \u010di balkon, pak pat\u0159\u00edte p\u0159ece jen ke \u0161\u0165astn\u00e9 \u010d\u00e1sti lid\u00ed, kte\u0159\u00ed maj\u00ed aspo\u0148 n\u011bjak\u00e9 m\u00edsto kam se v l\u00e9t\u011b za\u0161\u00edt a u\u017e\u00edt si trochu klidu. Na terase \u010di balkonu budete m\u00edt trochu m\u00e9n\u011b m\u00edsta, ne\u017e na zahrad\u011b a budete s n\u00edm muset trochu l\u00e9pe hospoda\u0159it. Pokud m\u00e1te terasu krytou, pak je to skv\u011bl\u00e1 varianta pro venkovn\u00ed pohovku, kter\u00e1 m\u016f\u017ee v letn\u00edch m\u011bs\u00edc\u00edch nahradit i tu v ob\u00fdvac\u00edm pokoji. Stejn\u011b tak na terase m\u016f\u017eete naj\u00edt m\u00edsto pro z\u00e1v\u011bsn\u00e9 k\u0159eslo, kter\u00e9 m\u016f\u017ee nahradit houpac\u00ed s\u00ed\u0165, kter\u00e1 se v\u011bt\u0161inou na terasu nevleze. Balkon je sice nejmen\u0161\u00ed mo\u017enost\u00ed, ale i tam si m\u016f\u017eete ud\u011blat pohodu. Sta\u010d\u00ed zasadit kv\u011btiny, d\u00e1t na balkon n\u00e1bytek a za\u0159\u00eddit si jej dle sv\u00e9ho vlastn\u00edho uv\u00e1\u017een\u00ed.                                                                                                                                                                                                                                                                                                                                                                                          4.1\/5 - (7 votes)        "},{"@context":"https:\/\/schema.org\/","@type":"BreadcrumbList","itemListElement":[{"@type":"ListItem","position":1,"name":"Pohoda na zahrad\u011b \u010di terase","item":"https:\/\/www.sonoras.cz\/pohoda-na-zahrade-ci-terase\/#breadcrumbitem"}]}]