[{"@context":"https:\/\/schema.org\/","@type":"Blog","@id":"https:\/\/www.sonoras.cz#Blog","headline":"Sonoras","description":"\nHled\u00e1te na internetu ide\u00e1ln\u00ed nab\u00eddku \u0159e\u0161en\u00ed va\u0161ich panuj\u00edc\u00edch pot\u00ed\u017e\u00ed? Pak m\u016f\u017eete hledat t\u0159eba celou v\u011b\u010dnost. Nebo se rovnou spolehnout na tento web.","url":"https:\/\/www.sonoras.cz","hasPart":[{"@type":"Article","@id":"https:\/\/www.sonoras.cz\/kotvime-obkladovy-kamen-na-zateplenou-fasadu\/","headline":"Kotv\u00edme obkladov\u00fd k\u00e1men na zateplenou fas\u00e1du","url":"https:\/\/www.sonoras.cz\/kotvime-obkladovy-kamen-na-zateplenou-fasadu\/","datePublished":"2025-05-07","dateModified":"2025-05-07","mainEntityOfPage":"https:\/\/www.sonoras.cz\/kotvime-obkladovy-kamen-na-zateplenou-fasadu\/","author":{"@type":"Person","@id":"https:\/\/www.sonoras.cz\/author\/#Person","name":"","url":"https:\/\/www.sonoras.cz\/author\/","identifier":1,"image":{"@type":"ImageObject","@id":"https:\/\/secure.gravatar.com\/avatar\/04053961f5a3d2af1f56d865c7fc774bb6a80b9754b2f4c57fa4f8cefa253bd4?s=96&d=mm&r=g","url":"https:\/\/secure.gravatar.com\/avatar\/04053961f5a3d2af1f56d865c7fc774bb6a80b9754b2f4c57fa4f8cefa253bd4?s=96&d=mm&r=g","height":96,"width":96}},"publisher":{"@type":"Organization","name":"sonoras.cz","logo":{"@type":"ImageObject","@id":"\/logo.png","url":"\/logo.png","width":600,"height":60}},"image":{"@type":"ImageObject","@id":"https:\/\/www.sonoras.cz\/wp-content\/uploads\/construction-5084516_640_1.jpg","url":"https:\/\/www.sonoras.cz\/wp-content\/uploads\/construction-5084516_640_1.jpg","height":0,"width":0},"wordCount":631,"keywords":null},{"@type":"Article","@id":"https:\/\/www.sonoras.cz\/darky-jako-reklamni-predmety\/","headline":"D\u00e1rky, jako reklamn\u00ed p\u0159edm\u011bty","url":"https:\/\/www.sonoras.cz\/darky-jako-reklamni-predmety\/","datePublished":"2025-05-06","dateModified":"2025-05-06","mainEntityOfPage":"https:\/\/www.sonoras.cz\/darky-jako-reklamni-predmety\/","author":{"@type":"Person","@id":"https:\/\/www.sonoras.cz\/author\/#Person","name":"","url":"https:\/\/www.sonoras.cz\/author\/","identifier":1,"image":{"@type":"ImageObject","@id":"https:\/\/secure.gravatar.com\/avatar\/04053961f5a3d2af1f56d865c7fc774bb6a80b9754b2f4c57fa4f8cefa253bd4?s=96&d=mm&r=g","url":"https:\/\/secure.gravatar.com\/avatar\/04053961f5a3d2af1f56d865c7fc774bb6a80b9754b2f4c57fa4f8cefa253bd4?s=96&d=mm&r=g","height":96,"width":96}},"publisher":{"@type":"Organization","name":"sonoras.cz","logo":{"@type":"ImageObject","@id":"\/logo.png","url":"\/logo.png","width":600,"height":60}},"image":{"@type":"ImageObject","@id":"https:\/\/www.sonoras.cz\/wp-content\/uploads\/pen-804365_640_7.jpg","url":"https:\/\/www.sonoras.cz\/wp-content\/uploads\/pen-804365_640_7.jpg","height":0,"width":0},"wordCount":643,"keywords":null},{"@type":"Article","@id":"https:\/\/www.sonoras.cz\/sportovni-bunda\/","headline":"Sportovn\u00ed bunda","url":"https:\/\/www.sonoras.cz\/sportovni-bunda\/","datePublished":"2025-05-05","dateModified":"2025-05-05","mainEntityOfPage":"https:\/\/www.sonoras.cz\/sportovni-bunda\/","author":{"@type":"Person","@id":"https:\/\/www.sonoras.cz\/author\/#Person","name":"","url":"https:\/\/www.sonoras.cz\/author\/","identifier":1,"image":{"@type":"ImageObject","@id":"https:\/\/secure.gravatar.com\/avatar\/04053961f5a3d2af1f56d865c7fc774bb6a80b9754b2f4c57fa4f8cefa253bd4?s=96&d=mm&r=g","url":"https:\/\/secure.gravatar.com\/avatar\/04053961f5a3d2af1f56d865c7fc774bb6a80b9754b2f4c57fa4f8cefa253bd4?s=96&d=mm&r=g","height":96,"width":96}},"publisher":{"@type":"Organization","name":"sonoras.cz","logo":{"@type":"ImageObject","@id":"\/logo.png","url":"\/logo.png","width":600,"height":60}},"image":{"@type":"ImageObject","@id":"https:\/\/www.sonoras.cz\/wp-content\/uploads\/boy-4998134_640.jpg","url":"https:\/\/www.sonoras.cz\/wp-content\/uploads\/boy-4998134_640.jpg","height":0,"width":0},"wordCount":590,"keywords":null},{"@type":"Article","@id":"https:\/\/www.sonoras.cz\/barvy-a-materialy-vam-postavime-v-kazdem-dobovem-stylu\/","headline":"Barvy a materi\u00e1ly V\u00e1m postav\u00edme v\u00a0ka\u017ed\u00e9m dobov\u00e9m stylu","url":"https:\/\/www.sonoras.cz\/barvy-a-materialy-vam-postavime-v-kazdem-dobovem-stylu\/","datePublished":"2025-05-05","dateModified":"2025-05-05","mainEntityOfPage":"https:\/\/www.sonoras.cz\/barvy-a-materialy-vam-postavime-v-kazdem-dobovem-stylu\/","author":{"@type":"Person","@id":"https:\/\/www.sonoras.cz\/author\/#Person","name":"","url":"https:\/\/www.sonoras.cz\/author\/","identifier":1,"image":{"@type":"ImageObject","@id":"https:\/\/secure.gravatar.com\/avatar\/04053961f5a3d2af1f56d865c7fc774bb6a80b9754b2f4c57fa4f8cefa253bd4?s=96&d=mm&r=g","url":"https:\/\/secure.gravatar.com\/avatar\/04053961f5a3d2af1f56d865c7fc774bb6a80b9754b2f4c57fa4f8cefa253bd4?s=96&d=mm&r=g","height":96,"width":96}},"publisher":{"@type":"Organization","name":"sonoras.cz","logo":{"@type":"ImageObject","@id":"\/logo.png","url":"\/logo.png","width":600,"height":60}},"image":null,"wordCount":251,"keywords":null},{"@type":"Article","@id":"https:\/\/www.sonoras.cz\/moderni-odevy\/","headline":"Modern\u00ed od\u011bvy","url":"https:\/\/www.sonoras.cz\/moderni-odevy\/","datePublished":"2025-05-04","dateModified":"2025-05-04","mainEntityOfPage":"https:\/\/www.sonoras.cz\/moderni-odevy\/","author":{"@type":"Person","@id":"https:\/\/www.sonoras.cz\/author\/#Person","name":"","url":"https:\/\/www.sonoras.cz\/author\/","identifier":1,"image":{"@type":"ImageObject","@id":"https:\/\/secure.gravatar.com\/avatar\/04053961f5a3d2af1f56d865c7fc774bb6a80b9754b2f4c57fa4f8cefa253bd4?s=96&d=mm&r=g","url":"https:\/\/secure.gravatar.com\/avatar\/04053961f5a3d2af1f56d865c7fc774bb6a80b9754b2f4c57fa4f8cefa253bd4?s=96&d=mm&r=g","height":96,"width":96}},"publisher":{"@type":"Organization","name":"sonoras.cz","logo":{"@type":"ImageObject","@id":"\/logo.png","url":"\/logo.png","width":600,"height":60}},"image":{"@type":"ImageObject","@id":"https:\/\/www.sonoras.cz\/wp-content\/uploads\/sweater-3124679_640.jpg","url":"https:\/\/www.sonoras.cz\/wp-content\/uploads\/sweater-3124679_640.jpg","height":0,"width":0},"wordCount":644,"keywords":null},{"@type":"Article","@id":"https:\/\/www.sonoras.cz\/zarizujete-svatbu\/","headline":"Za\u0159izujete svatbu?","url":"https:\/\/www.sonoras.cz\/zarizujete-svatbu\/","datePublished":"2025-05-04","dateModified":"2025-05-04","mainEntityOfPage":"https:\/\/www.sonoras.cz\/zarizujete-svatbu\/","author":{"@type":"Person","@id":"https:\/\/www.sonoras.cz\/author\/#Person","name":"","url":"https:\/\/www.sonoras.cz\/author\/","identifier":1,"image":{"@type":"ImageObject","@id":"https:\/\/secure.gravatar.com\/avatar\/04053961f5a3d2af1f56d865c7fc774bb6a80b9754b2f4c57fa4f8cefa253bd4?s=96&d=mm&r=g","url":"https:\/\/secure.gravatar.com\/avatar\/04053961f5a3d2af1f56d865c7fc774bb6a80b9754b2f4c57fa4f8cefa253bd4?s=96&d=mm&r=g","height":96,"width":96}},"publisher":{"@type":"Organization","name":"sonoras.cz","logo":{"@type":"ImageObject","@id":"\/logo.png","url":"\/logo.png","width":600,"height":60}},"image":{"@type":"ImageObject","@id":"https:\/\/www.sonoras.cz\/wp-content\/uploads\/nev%C4%9Bsta_10_1.jpg","url":"https:\/\/www.sonoras.cz\/wp-content\/uploads\/nev%C4%9Bsta_10_1.jpg","height":0,"width":0},"wordCount":644,"keywords":null},{"@type":"Article","@id":"https:\/\/www.sonoras.cz\/pomoc-se-da-najit\/","headline":"Pomoc se d\u00e1 naj\u00edt","url":"https:\/\/www.sonoras.cz\/pomoc-se-da-najit\/","datePublished":"2025-05-04","dateModified":"2025-05-04","mainEntityOfPage":"https:\/\/www.sonoras.cz\/pomoc-se-da-najit\/","author":{"@type":"Person","@id":"https:\/\/www.sonoras.cz\/author\/#Person","name":"","url":"https:\/\/www.sonoras.cz\/author\/","identifier":1,"image":{"@type":"ImageObject","@id":"https:\/\/secure.gravatar.com\/avatar\/04053961f5a3d2af1f56d865c7fc774bb6a80b9754b2f4c57fa4f8cefa253bd4?s=96&d=mm&r=g","url":"https:\/\/secure.gravatar.com\/avatar\/04053961f5a3d2af1f56d865c7fc774bb6a80b9754b2f4c57fa4f8cefa253bd4?s=96&d=mm&r=g","height":96,"width":96}},"publisher":{"@type":"Organization","name":"sonoras.cz","logo":{"@type":"ImageObject","@id":"\/logo.png","url":"\/logo.png","width":600,"height":60}},"image":{"@type":"ImageObject","@id":"https:\/\/www.sonoras.cz\/wp-content\/uploads\/i_10_10_9.jpg","url":"https:\/\/www.sonoras.cz\/wp-content\/uploads\/i_10_10_9.jpg","height":0,"width":0},"wordCount":604,"keywords":null},{"@type":"Article","@id":"https:\/\/www.sonoras.cz\/aby-vase-oslava-pod-party-stanem-mela-patricnou-uroven\/","headline":"Aby va\u0161e oslava pod party stanem m\u011bla pat\u0159i\u010dnou \u00farove\u0148","url":"https:\/\/www.sonoras.cz\/aby-vase-oslava-pod-party-stanem-mela-patricnou-uroven\/","datePublished":"2025-05-04","dateModified":"2025-05-04","mainEntityOfPage":"https:\/\/www.sonoras.cz\/aby-vase-oslava-pod-party-stanem-mela-patricnou-uroven\/","author":{"@type":"Person","@id":"https:\/\/www.sonoras.cz\/author\/#Person","name":"","url":"https:\/\/www.sonoras.cz\/author\/","identifier":1,"image":{"@type":"ImageObject","@id":"https:\/\/secure.gravatar.com\/avatar\/04053961f5a3d2af1f56d865c7fc774bb6a80b9754b2f4c57fa4f8cefa253bd4?s=96&d=mm&r=g","url":"https:\/\/secure.gravatar.com\/avatar\/04053961f5a3d2af1f56d865c7fc774bb6a80b9754b2f4c57fa4f8cefa253bd4?s=96&d=mm&r=g","height":96,"width":96}},"publisher":{"@type":"Organization","name":"sonoras.cz","logo":{"@type":"ImageObject","@id":"\/logo.png","url":"\/logo.png","width":600,"height":60}},"image":{"@type":"ImageObject","@id":"https:\/\/www.sonoras.cz\/wp-content\/uploads\/balloons-1869816_640_3.jpg","url":"https:\/\/www.sonoras.cz\/wp-content\/uploads\/balloons-1869816_640_3.jpg","height":0,"width":0},"wordCount":632,"keywords":null},{"@type":"Article","@id":"https:\/\/www.sonoras.cz\/klimatizace-chrani-pred-upalem-a-snizuje-vylucovani-mineralu-potem\/","headline":"Klimatizace chr\u00e1n\u00ed p\u0159ed \u00fapalem a sni\u017euje vylu\u010dov\u00e1n\u00ed miner\u00e1l\u016f potem","url":"https:\/\/www.sonoras.cz\/klimatizace-chrani-pred-upalem-a-snizuje-vylucovani-mineralu-potem\/","datePublished":"2025-05-04","dateModified":"2025-05-04","mainEntityOfPage":"https:\/\/www.sonoras.cz\/klimatizace-chrani-pred-upalem-a-snizuje-vylucovani-mineralu-potem\/","author":{"@type":"Person","@id":"https:\/\/www.sonoras.cz\/author\/#Person","name":"","url":"https:\/\/www.sonoras.cz\/author\/","identifier":1,"image":{"@type":"ImageObject","@id":"https:\/\/secure.gravatar.com\/avatar\/04053961f5a3d2af1f56d865c7fc774bb6a80b9754b2f4c57fa4f8cefa253bd4?s=96&d=mm&r=g","url":"https:\/\/secure.gravatar.com\/avatar\/04053961f5a3d2af1f56d865c7fc774bb6a80b9754b2f4c57fa4f8cefa253bd4?s=96&d=mm&r=g","height":96,"width":96}},"publisher":{"@type":"Organization","name":"sonoras.cz","logo":{"@type":"ImageObject","@id":"\/logo.png","url":"\/logo.png","width":600,"height":60}},"image":{"@type":"ImageObject","@id":"https:\/\/www.sonoras.cz\/wp-content\/uploads\/condenser-unit-6605975_640_10_10_3.jpg","url":"https:\/\/www.sonoras.cz\/wp-content\/uploads\/condenser-unit-6605975_640_10_10_3.jpg","height":0,"width":0},"wordCount":627,"keywords":null},{"@type":"Article","@id":"https:\/\/www.sonoras.cz\/nechteli-byste-vyuzit-chiptuning\/","headline":"Necht\u011bli byste vyu\u017e\u00edt chiptuning?","url":"https:\/\/www.sonoras.cz\/nechteli-byste-vyuzit-chiptuning\/","datePublished":"2025-05-03","dateModified":"2025-05-03","mainEntityOfPage":"https:\/\/www.sonoras.cz\/nechteli-byste-vyuzit-chiptuning\/","author":{"@type":"Person","@id":"https:\/\/www.sonoras.cz\/author\/#Person","name":"","url":"https:\/\/www.sonoras.cz\/author\/","identifier":1,"image":{"@type":"ImageObject","@id":"https:\/\/secure.gravatar.com\/avatar\/04053961f5a3d2af1f56d865c7fc774bb6a80b9754b2f4c57fa4f8cefa253bd4?s=96&d=mm&r=g","url":"https:\/\/secure.gravatar.com\/avatar\/04053961f5a3d2af1f56d865c7fc774bb6a80b9754b2f4c57fa4f8cefa253bd4?s=96&d=mm&r=g","height":96,"width":96}},"publisher":{"@type":"Organization","name":"sonoras.cz","logo":{"@type":"ImageObject","@id":"\/logo.png","url":"\/logo.png","width":600,"height":60}},"image":{"@type":"ImageObject","@id":"https:\/\/www.sonoras.cz\/wp-content\/uploads\/mmmm_10_2.jpg","url":"https:\/\/www.sonoras.cz\/wp-content\/uploads\/mmmm_10_2.jpg","height":0,"width":0},"wordCount":608,"keywords":null}]},{"@context":"https:\/\/schema.org","@type":"WebSite","@id":"https:\/\/www.sonoras.cz\/#website","name":"Sonoras","url":"https:\/\/www.sonoras.cz","potentialAction":{"@type":"SearchAction","target":"https:\/\/www.sonoras.cz\/?s={search_term_string}","query-input":"required name=search_term_string"}}]