[{"@context":"https:\/\/schema.org\/","@type":"Article","@id":"https:\/\/www.sonoras.cz\/lze-poridit-kuchyne-na-miru-levne\/#Article","mainEntityOfPage":"https:\/\/www.sonoras.cz\/lze-poridit-kuchyne-na-miru-levne\/","headline":"Lze po\u0159\u00eddit kuchyn\u011b na m\u00edru levn\u011b?","name":"Lze po\u0159\u00eddit kuchyn\u011b na m\u00edru levn\u011b?","description":"\u0158\u00edk\u00e1 se, \u017ee kuchyn\u011b je srdcem domova. I proto bychom jej\u00edmu v\u00fdb\u011bru m\u011bli v\u011bnovat velkou p\u00e9\u010di. Av\u0161ak a\u010dkoliv nab\u00eddka t\u011bch ji\u017e hotov\u00fdch je v obchodech s n\u00e1bytkem velk\u00e1, n\u011bkdy m\u00e1 <a class=\"more-link\" href=\"https:\/\/www.sonoras.cz\/lze-poridit-kuchyne-na-miru-levne\/\">[ . . . ]<\/a>","datePublished":"2024-06-11","dateModified":"2024-06-11","author":{"@type":"Person","@id":"https:\/\/www.sonoras.cz\/author\/#Person","name":"","url":"https:\/\/www.sonoras.cz\/author\/","identifier":1,"image":{"@type":"ImageObject","@id":"https:\/\/secure.gravatar.com\/avatar\/04053961f5a3d2af1f56d865c7fc774bb6a80b9754b2f4c57fa4f8cefa253bd4?s=96&d=mm&r=g","url":"https:\/\/secure.gravatar.com\/avatar\/04053961f5a3d2af1f56d865c7fc774bb6a80b9754b2f4c57fa4f8cefa253bd4?s=96&d=mm&r=g","height":96,"width":96}},"publisher":{"@type":"Organization","name":"sonoras.cz","logo":{"@type":"ImageObject","@id":"\/logo.png","url":"\/logo.png","width":600,"height":60}},"image":{"@type":"ImageObject","@id":"https:\/\/www.sonoras.cz\/wp-content\/uploads\/kuchyne1.jpg","url":"https:\/\/www.sonoras.cz\/wp-content\/uploads\/kuchyne1.jpg","height":0,"width":0},"url":"https:\/\/www.sonoras.cz\/lze-poridit-kuchyne-na-miru-levne\/","about":["Spole\u010dnosti"],"wordCount":438,"articleBody":"       \u0158\u00edk\u00e1 se, \u017ee kuchyn\u011b je srdcem domova. I proto bychom jej\u00edmu v\u00fdb\u011bru m\u011bli v\u011bnovat velkou p\u00e9\u010di. Av\u0161ak a\u010dkoliv nab\u00eddka t\u011bch ji\u017e hotov\u00fdch je v obchodech s n\u00e1bytkem velk\u00e1, n\u011bkdy m\u00e1 ona m\u00edstnost tak netypick\u00fd tvar, \u017ee tam zkr\u00e1tka \u017e\u00e1dn\u00e1 nepasuje. V takov\u00e9m p\u0159\u00edpad\u011b n\u00e1m nezbude nic jin\u00e9ho, ne\u017e si bu\u010f vz\u00edt tak malou, aby se n\u00e1m tam ve\u0161la, nebo si ji nechat ud\u011blat na m\u00edru.Samoz\u0159ejm\u011b ta druh\u00e1 mo\u017enost je podstatn\u011b lep\u0161\u00ed. Nejen\u017ee bude vypadat l\u00e9pe, ale tak\u00e9 zde bude i v\u00edce prostoru. A pokud va\u0159\u00edme n\u011bjak\u00e1 slo\u017eit\u011bj\u0161\u00ed j\u00eddla, pak prostor rozhodn\u011b pot\u0159ebujeme. Co v\u0161ak lidi od toho, odrazuje, je cena. Ta je toti\u017e oproti t\u011bm ji\u017e hotov\u00fdm n\u011bkolikan\u00e1sobn\u011b vy\u0161\u0161\u00ed.Jist\u011b, najdou se i firmy, kter\u00e9 d\u011blaj\u00ed kuchyn\u011b na m\u00edru levn\u011b glanckuchyne.cz, o tom nen\u00ed sporu. Sta\u010d\u00ed jen trochu p\u00e1trat, a na n\u011bkterou z nich naraz\u00edme. Je v\u0161ak ot\u00e1zkou, zda bychom si m\u011bli na tuto pr\u00e1ci naj\u00edmat pr\u00e1v\u011b je. Bohu\u017eel toti\u017e plat\u00ed, \u017ee kdy\u017e n\u011bco vypad\u00e1 jako p\u0159\u00edli\u0161 dobr\u00e9, tak to nakonec je p\u0159\u00edli\u0161 dobr\u00e9 \u2013 v\u011bt\u0161inou se uk\u00e1\u017ee, \u017ee zde jsou ur\u010dit\u00e9 h\u00e1\u010dky, kter\u00e9 nebyly na prvn\u00ed pohled patrn\u00e9.Zde j\u00edm je fakt, \u017ee pou\u017eit\u00e9 materi\u00e1ly nejsp\u00ed\u0161e nebudou t\u00e9 nejlep\u0161\u00ed kvality. Jist\u011b, nemus\u00ed n\u00e1m to vadit, koneckonc\u016f vypadat budou stejn\u011b dob\u0159e, ov\u0161em pouze ze za\u010d\u00e1tku. Nesm\u00edme zapomenout, \u017ee v kuchyni pracujeme s kysel\u00fdmi, z\u00e1sadit\u00fdmi i mastn\u00fdmi p\u0159\u00edsadami. A zvl\u00e1\u0161t\u011b kuchy\u0148sk\u00e1 deska to v\u0161e mus\u00ed vydr\u017eet. Pokud nen\u00ed dostate\u010dn\u011b kvalitn\u00ed, pak se to na n\u00ed velmi brzy pozn\u00e1.Tak\u00e9 pr\u00e1ce samotn\u00e1 nebude s nejv\u011bt\u0161\u00ed pravd\u011bpodobnost\u00ed tak kvalitn\u00ed. T\u00edm je my\u0161leno, \u017ee sk\u0159\u00edn\u011b nebudou a\u017e tak \u00fapln\u011b p\u0159esn\u011b sed\u011bt \u2013 tady bude milimet\u0159\u00edk p\u0159ib\u00fdvat, taky naopak ub\u00fdvat, jedna dv\u00ed\u0159ka mohou m\u00edt lehce odli\u0161n\u00fd odst\u00edn barvy a podobn\u011b. Samoz\u0159ejm\u011b, jsou lid\u00e9, kter\u00fdm to v podstat\u011b nevad\u00ed. Mus\u00edme si v\u0161ak \u0159\u00edci, zda pat\u0159\u00edme mezi n\u011b \u010di nikoliv.Faktem tak\u00e9 je, \u017ee i \u017eivotnost takov\u00e9 kuchyn\u011b bude podstatn\u011b krat\u0161\u00ed. Nem\u016f\u017eete tedy \u010dekat, \u017ee v\u00e1m bude slou\u017eit des\u00edtky let. Proto se jako kone\u010dn\u00e9 dlouhodob\u00e9 \u0159e\u0161en\u00ed skute\u010dn\u011b p\u0159\u00edli\u0161 nehod\u00ed, tedy alespo\u0148 pokud va\u0159\u00edte denn\u011b.                                                                                                                                                                                                                                                                                                                                                                                          3.9\/5 - (8 votes)        "},{"@context":"https:\/\/schema.org\/","@type":"BreadcrumbList","itemListElement":[{"@type":"ListItem","position":1,"name":"Lze po\u0159\u00eddit kuchyn\u011b na m\u00edru levn\u011b?","item":"https:\/\/www.sonoras.cz\/lze-poridit-kuchyne-na-miru-levne\/#breadcrumbitem"}]}]