[{"@context":"https:\/\/schema.org\/","@type":"Article","@id":"https:\/\/www.sonoras.cz\/kdy-se-pustit-do-instalace-vestavene-skrine\/#Article","mainEntityOfPage":"https:\/\/www.sonoras.cz\/kdy-se-pustit-do-instalace-vestavene-skrine\/","headline":"Kdy se pustit do instalace vestav\u011bn\u00e9 sk\u0159\u00edn\u011b","name":"Kdy se pustit do instalace vestav\u011bn\u00e9 sk\u0159\u00edn\u011b","description":"Kdy\u017e preferujete vzhled i prakti\u010dnost z\u00e1rove\u0148 Nahl\u00e9dnete-li do sortimentu n\u00e1bytk\u00e1\u0159sk\u00fdch firem a zam\u011b\u0159\u00edte se na \u0161atn\u00ed sk\u0159\u00edn\u011b, p\u016fjde obvykle o kusov\u00fd n\u00e1bytek, vysok\u00fd dva metry, p\u0159\u00edpadn\u011b o trochu vy\u0161\u0161\u00ed, ale <a class=\"more-link\" href=\"https:\/\/www.sonoras.cz\/kdy-se-pustit-do-instalace-vestavene-skrine\/\">[ . . . ]<\/a>","datePublished":"2022-05-23","dateModified":"2022-05-23","author":{"@type":"Person","@id":"https:\/\/www.sonoras.cz\/author\/#Person","name":"","url":"https:\/\/www.sonoras.cz\/author\/","identifier":1,"image":{"@type":"ImageObject","@id":"https:\/\/secure.gravatar.com\/avatar\/04053961f5a3d2af1f56d865c7fc774bb6a80b9754b2f4c57fa4f8cefa253bd4?s=96&d=mm&r=g","url":"https:\/\/secure.gravatar.com\/avatar\/04053961f5a3d2af1f56d865c7fc774bb6a80b9754b2f4c57fa4f8cefa253bd4?s=96&d=mm&r=g","height":96,"width":96}},"publisher":{"@type":"Organization","name":"sonoras.cz","logo":{"@type":"ImageObject","@id":"\/logo.png","url":"\/logo.png","width":600,"height":60}},"image":{"@type":"ImageObject","@id":"https:\/\/www.sonoras.cz\/wp-content\/uploads\/clothes-hangers-582212_640.jpg","url":"https:\/\/www.sonoras.cz\/wp-content\/uploads\/clothes-hangers-582212_640.jpg","height":0,"width":0},"url":"https:\/\/www.sonoras.cz\/kdy-se-pustit-do-instalace-vestavene-skrine\/","about":["N\u00e1kupy"],"wordCount":433,"articleBody":"         Kdy\u017e preferujete vzhled i prakti\u010dnost z\u00e1rove\u0148  Nahl\u00e9dnete-li do sortimentu n\u00e1bytk\u00e1\u0159sk\u00fdch firem a zam\u011b\u0159\u00edte se na \u0161atn\u00ed sk\u0159\u00edn\u011b, p\u016fjde obvykle o kusov\u00fd n\u00e1bytek, vysok\u00fd dva metry, p\u0159\u00edpadn\u011b o trochu vy\u0161\u0161\u00ed, ale rozhodn\u011b ne takov\u00fd, aby vyplnil cel\u00fd prostor v\u00fd\u0161ky m\u00edstnosti. Nad takovou sk\u0159\u00edn\u00ed bude v\u017edy trochu m\u00edsta na pokojov\u00e9 rostliny, ale ty m\u016f\u017eete m\u00edt p\u0159ece kdekoli jinde, nap\u0159\u00edklad na poli\u010dk\u00e1ch, zav\u011b\u0161en\u00e9 na kv\u011btinov\u00e9 st\u011bn\u011b.  Problematick\u00fd je i vzhled takov\u00e9ho n\u00e1bytku, proto\u017ee se velmi t\u011b\u017eko barevn\u011b i stylov\u011b lad\u00ed s okol\u00edm, zat\u00edmco u vestav\u011bn\u00fdch sk\u0159\u00edn\u00ed je to mnohem snaz\u0161\u00ed d\u00edky laminu posuvn\u00fdch dve\u0159\u00ed. Dekor\u016f posuvn\u00fdch dve\u0159\u00ed existuje v\u00edce, jsou mezi nimi i n\u011bkter\u00e9 ve stylu art design a samoz\u0159ejm\u011b si m\u016f\u017eete zvolit i \u010dist\u011b b\u00edl\u00e9 nebo v jin\u00e9 pastelov\u00e9 barv\u011b. Sou\u010d\u00e1st\u00ed dve\u0159\u00ed mohou b\u00fdt i zrcadla, v r\u016fzn\u00fdch \u0161\u00ed\u0159k\u00e1ch i tvarech, a vhodn\u011b tak opticky zv\u011bt\u0161it okoln\u00ed prostor.  Kdy\u017e m\u00e1te r\u00e1di po\u0159\u00e1dek a p\u0159ehled  Kdo m\u00e1 r\u00e1d v\u0161e na sv\u00e9m m\u00edst\u011b, a pokud mo\u017eno na jednom, aby nemusel pob\u00edhat sem a tam a hledat pono\u017eky, tri\u010dko a \u010depici, ka\u017ed\u00e9 v jin\u00e9 sk\u0159\u00edni, pro toho jsou vestav\u011bn\u00e9 sk\u0159\u00edn\u011b https:\/\/www.sten-skrine.cz\/ opravdov\u00fdm po\u017eehn\u00e1n\u00edm. V poklidu otev\u0159ete posuvn\u00e9 dve\u0159e a p\u0159ed v\u00e1mi je v\u0161e, srovn\u00e1no, p\u0159ehledn\u011b, a bez kompromis\u016f. Jedinou podm\u00ednkou je, \u017ee tam ty v\u011bci do sk\u0159\u00edn\u011b opravdu um\u00edst\u00edte, a \u017ee nebudou zrovna v ko\u0161i na \u0161pinav\u00e9 pr\u00e1dlo, anebo n\u011bkde ledabyle poh\u00e1zen\u00e9. Kdy\u017e v\u00e1s ji\u017e omrzely k\u0159\u00eddlov\u00e9 dve\u0159e  K\u0159\u00eddlov\u00e9 dve\u0159e jsou leckdy skute\u010dn\u011b otravn\u00e9, zakop\u00e1v\u00e1te o n\u011b, vr\u00e1\u017e\u00edte do nich a ob\u010das se m\u016f\u017ee p\u0159ihodit, \u017ee se panty za\u010dnou prov\u011b\u0161ovat a dve\u0159e k\u0159\u00ed\u017eit, \u0161patn\u011b dol\u00e9hat a zav\u00edrat. Tohle se u posuvn\u00fdch dve\u0159\u00ed nest\u00e1v\u00e1, ty maj\u00ed mechanismus zalo\u017een\u00fd na odli\u0161n\u00e9m principu. Otev\u00edr\u00e1n\u00ed a zav\u00edr\u00e1n\u00ed posuvn\u00fdch dve\u0159\u00ed je velmi snadn\u00e9, sta\u010d\u00ed v\u00e1m k tomu jen jeden prst a zvl\u00e1dnout to i mal\u00e9 d\u011bti. Nav\u00edc odpad\u00e1 nutnost m\u00edt na dve\u0159\u00edch r\u016fzn\u00e1 kov\u00e1n\u00ed a madla, co\u017e je n\u011bkdy z estetick\u00e9ho d\u016fvodu nep\u0159ijateln\u00e9.                                                                                                                                                                                                                                                                                                                                                                                          4.3\/5 - (6 votes)        "},{"@context":"https:\/\/schema.org\/","@type":"BreadcrumbList","itemListElement":[{"@type":"ListItem","position":1,"name":"Kdy se pustit do instalace vestav\u011bn\u00e9 sk\u0159\u00edn\u011b","item":"https:\/\/www.sonoras.cz\/kdy-se-pustit-do-instalace-vestavene-skrine\/#breadcrumbitem"}]}]