[{"@context":"https:\/\/schema.org\/","@type":"Article","@id":"https:\/\/www.sonoras.cz\/kde-se-nechat-ostrihat\/#Article","mainEntityOfPage":"https:\/\/www.sonoras.cz\/kde-se-nechat-ostrihat\/","headline":"Kde se nechat ost\u0159\u00edhat?","name":"Kde se nechat ost\u0159\u00edhat?","description":"P\u00e9\u010de o vzhled by pro n\u00e1s m\u011bla b\u00fdt naprost\u00fdm standardem, jen\u017ee ne u ka\u017ed\u00e9ho to tak je. N\u011bkte\u0159\u00ed lid\u00e9 se o sv\u016fj vzhled p\u0159\u00edli\u0161 nestaraj\u00ed, a ke kade\u0159nici p\u0159\u00edli\u0161 \u010dasto <a class=\"more-link\" href=\"https:\/\/www.sonoras.cz\/kde-se-nechat-ostrihat\/\">[ . . . ]<\/a>","datePublished":"2025-05-10","dateModified":"2025-05-10","author":{"@type":"Person","@id":"https:\/\/www.sonoras.cz\/author\/#Person","name":"","url":"https:\/\/www.sonoras.cz\/author\/","identifier":1,"image":{"@type":"ImageObject","@id":"https:\/\/secure.gravatar.com\/avatar\/04053961f5a3d2af1f56d865c7fc774bb6a80b9754b2f4c57fa4f8cefa253bd4?s=96&d=mm&r=g","url":"https:\/\/secure.gravatar.com\/avatar\/04053961f5a3d2af1f56d865c7fc774bb6a80b9754b2f4c57fa4f8cefa253bd4?s=96&d=mm&r=g","height":96,"width":96}},"publisher":{"@type":"Organization","name":"sonoras.cz","logo":{"@type":"ImageObject","@id":"\/logo.png","url":"\/logo.png","width":600,"height":60}},"image":{"@type":"ImageObject","@id":"https:\/\/www.sonoras.cz\/wp-content\/uploads\/hairdressing-4057094_640_1.jpg","url":"https:\/\/www.sonoras.cz\/wp-content\/uploads\/hairdressing-4057094_640_1.jpg","height":0,"width":0},"url":"https:\/\/www.sonoras.cz\/kde-se-nechat-ostrihat\/","about":["Spole\u010dnosti"],"wordCount":449,"articleBody":"         P\u00e9\u010de o vzhled by pro n\u00e1s m\u011bla b\u00fdt naprost\u00fdm standardem, jen\u017ee ne u ka\u017ed\u00e9ho to tak je. N\u011bkte\u0159\u00ed lid\u00e9 se o sv\u016fj vzhled p\u0159\u00edli\u0161 nestaraj\u00ed, a ke kade\u0159nici p\u0159\u00edli\u0161 \u010dasto nechod\u00ed. Tento trend je vid\u011bt sp\u00ed\u0161e u mu\u017e\u016f, proto\u017ee \u017eeny se o svoje vlasy staraj\u00ed \u010dast\u011bji. Vlasy jsou pro v\u011bt\u0161inu \u017een t\u00edm, co z nich d\u011bl\u00e1 \u017eenu. A proto cht\u011bj\u00ed m\u00edt vlasy zdrav\u00e9 a v\u017edy upraven\u00e9. Proto chod\u00ed pravideln\u011b do kade\u0159nictv\u00ed. N\u011bkter\u00e9 \u017eeny chod\u00ed do st\u00e1le stejn\u00e9ho salonu a d\u00e1 se \u0159\u00edct, \u017ee maj\u00ed svou kade\u0159nici. Neplat\u00ed to ale o v\u0161ech, a jsou i \u017eeny, kter\u00e9 hledaj\u00ed kade\u0159nici, kam by mohly za\u010d\u00edt chodit. Pokud je\u0161t\u011b kade\u0159nici nem\u00e1te a hled\u00e1te, kter\u00e1 m\u00e1 voln\u00e9 kapacity, objednejte se ke mn\u011b.Naj\u00edt kade\u0159nici ve velk\u00e9m m\u011bst\u011b je \u010dasto probl\u00e9m. Velk\u00e1 \u010d\u00e1st salon\u016f m\u00e1 svoji st\u00e1lou klientelu, a nov\u00e9 klientky nep\u0159ij\u00edmaj\u00ed. D\u011bje se to velmi v\u00fdjime\u010dn\u011b, pokud n\u011bjak\u00e1 klientka odejde jinam. Pokud jste se u\u017e p\u0159i hled\u00e1n\u00ed kade\u0159nictv\u00ed setkala s odm\u00edtnut\u00edm z d\u016fvodu zapln\u011bn\u00e9 kapacity, ur\u010dit\u011b v\u00e1s pot\u011b\u0161\u00ed, \u017ee ke mn\u011b se m\u016f\u017eete objednat ihned. Nab\u00edz\u00edm svoje kade\u0159nick\u00e9 slu\u017eby s dvacetiletou prax\u00ed. Sleduji m\u00f3dn\u00ed trendy a zaru\u010duji v\u00e1m kvalitu slu\u017eeb. Moje kade\u0159nictv\u00ed v Brn\u011b je levn\u00e9 Charlieshair.czcharlieshair.cz a k dispozici i pro v\u00e1s.Pro\u010d se objednat ke mn\u011b? M\u016fj salon je t\u00e9m\u011b\u0159 v sam\u00e9m srdci Brna. Je zde skv\u011bl\u00e1 dopravn\u00ed dostupnost, a na to, \u017ee se salon nach\u00e1z\u00ed p\u0159\u00edmo uprost\u0159ed velkom\u011bsta, m\u00e1m ceny velmi p\u0159\u00edzniv\u00e9. A\u0165 u\u017e chcete prom\u011bnu, nov\u00fd st\u0159ih, nebo jen udr\u017eet st\u00e1vaj\u00edc\u00ed vzhled va\u0161ich vlas\u016f, objednejte se ke mn\u011b. Slu\u017eby poskytuji jak pro \u017eeny, tak i pro mu\u017ee a pro d\u011bti. Sehnat voln\u00fd term\u00edn u kade\u0159nice b\u00fdv\u00e1 ve velkom\u011bstech probl\u00e9m, ale vzhledem k tomu, \u017ee se sna\u017e\u00edm poskytovat slu\u017eby co nejv\u00edce lidem je to mo\u017en\u00e9, m\u016f\u017eete se ke mn\u011b objednat i vy. Vyu\u017eijte mo\u017enost zaj\u00edt si ke kade\u0159nici za skv\u011blou cenu, u\u017eijte si chvilku jen a jen pro sebe, a nechte se h\u00fd\u010dkat. V m\u00e9m salonu je v\u00edtan\u00fd ka\u017ed\u00fd, kdo chce ud\u011blat n\u011bco pro sv\u016fj vzhled. Objedn\u00e1vkov\u00fd formul\u00e1\u0159 a cen\u00edk najdete na m\u00e9m webu.                                                                                                                                                                                                                                                                                                                                                                                          3.3\/5 - (3 votes)        "},{"@context":"https:\/\/schema.org\/","@type":"BreadcrumbList","itemListElement":[{"@type":"ListItem","position":1,"name":"Kde se nechat ost\u0159\u00edhat?","item":"https:\/\/www.sonoras.cz\/kde-se-nechat-ostrihat\/#breadcrumbitem"}]}]