[{"@context":"https:\/\/schema.org\/","@type":"Article","@id":"https:\/\/www.sonoras.cz\/kamaradka-a-tehotenstvi\/#Article","mainEntityOfPage":"https:\/\/www.sonoras.cz\/kamaradka-a-tehotenstvi\/","headline":"Kamar\u00e1dka a t\u011bhotenstv\u00ed","name":"Kamar\u00e1dka a t\u011bhotenstv\u00ed","description":"J\u00e1 si mysl\u00edm, \u017ee ka\u017ed\u00e1 \u017eena a nebo ka\u017ed\u00e1 rodina by cht\u011bla m\u00edt d\u011bti. J\u00e1 v\u00edm, \u017ee v rodin\u011b m\u016f\u017ee b\u00fdt jenom mu\u017e a \u017eena a nemus\u00edm m\u00edt tak\u00e9 v\u016fbec <a class=\"more-link\" href=\"https:\/\/www.sonoras.cz\/kamaradka-a-tehotenstvi\/\">[ . . . ]<\/a>","datePublished":"2023-09-08","dateModified":"2023-09-08","author":{"@type":"Person","@id":"https:\/\/www.sonoras.cz\/author\/#Person","name":"","url":"https:\/\/www.sonoras.cz\/author\/","identifier":1,"image":{"@type":"ImageObject","@id":"https:\/\/secure.gravatar.com\/avatar\/04053961f5a3d2af1f56d865c7fc774bb6a80b9754b2f4c57fa4f8cefa253bd4?s=96&d=mm&r=g","url":"https:\/\/secure.gravatar.com\/avatar\/04053961f5a3d2af1f56d865c7fc774bb6a80b9754b2f4c57fa4f8cefa253bd4?s=96&d=mm&r=g","height":96,"width":96}},"publisher":{"@type":"Organization","name":"sonoras.cz","logo":{"@type":"ImageObject","@id":"\/logo.png","url":"\/logo.png","width":600,"height":60}},"image":{"@type":"ImageObject","@id":"https:\/\/www.sonoras.cz\/wp-content\/uploads\/girl-3402351_960_720_1.jpg","url":"https:\/\/www.sonoras.cz\/wp-content\/uploads\/girl-3402351_960_720_1.jpg","height":0,"width":0},"url":"https:\/\/www.sonoras.cz\/kamaradka-a-tehotenstvi\/","about":["D\u011bti"],"wordCount":455,"articleBody":"J\u00e1 si mysl\u00edm, \u017ee ka\u017ed\u00e1 \u017eena a nebo ka\u017ed\u00e1 rodina by cht\u011bla m\u00edt d\u011bti. J\u00e1 v\u00edm, \u017ee v rodin\u011b m\u016f\u017ee b\u00fdt jenom mu\u017e a \u017eena a nemus\u00edm m\u00edt tak\u00e9 v\u016fbec \u017e\u00e1dn\u00e9 d\u011bti, proto\u017ee m\u00e1m jednu\u00a0kamar\u00e1dku, kter\u00e1 v\u017edycky by si p\u0159\u00e1la m\u00edt d\u011bti, cht\u011bla m\u00edt dv\u011b\u00a0a nebo t\u0159i\u00a0d\u011bti. Jenom\u017ee bohu\u017eel\u00a0zat\u00edm se j\u00ed to v\u016fbec nem\u016f\u017ee poda\u0159it. Osud j\u00ed asi v\u016fbec nep\u0159eje. A\u00a0\u0159eknu v\u00e1m, \u017ee m\u011b\u00a0to stra\u0161n\u011b moc mrz\u00ed, proto\u017ee zrovna moje kamar\u00e1dka je takov\u00e1 hodn\u00e1 a citliv\u00e1 a ur\u010dit\u011b by byla ta nejlep\u0161\u00ed maminka na sv\u011bt\u011b, kde\u017eto zn\u00e1m potom n\u011bkter\u00e9 \u017eeny, kter\u00e9 mohou b\u00fdt d\u011bti ihned, ale potom je daj\u00ed do baby boxu, anebo se o n\u011b v\u016fbec nestaraj\u00ed. Tohle mi p\u0159ijde opravdu nespravedliv\u00e9 a takov\u00e9 \u0161patn\u00e9.Pro\u010d tohle p\u0159\u00edroda v\u016fbec dovol\u00ed? Pro\u010d p\u0159\u00edroda v\u016fbec dovol\u00ed, aby \u0161patn\u00ed rodi\u010de m\u011bli d\u011bti a hodn\u00ed rodi\u010de, aby d\u011bti m\u00edt nemohli? Mysl\u00edm si, \u017ee tohle je nespravedliv\u00e9 a m\u011bla by s t\u00edm p\u0159\u00edroda n\u011bco d\u011blat. Zn\u00e1m n\u011bkolik rodin, kter\u00e9 t\u0159eba u\u017e maj\u00ed p\u011bt\u00a0a nebo \u0161est\u00a0d\u011bt\u00ed a \u0159\u00edkaj\u00ed, \u017ee to byl asi snad osud a nebo \u017ee jim selhala antikoncepce. Ale nev\u00edm jak vy, ale mn\u011b se tohle nel\u00edb\u00ed a nebo tak\u00e9 sl\u00fdch\u00e1m, \u017ee n\u011bkte\u0159\u00ed lid\u00e9 si pr\u00fd d\u011blaj\u00ed d\u011bti jenom kv\u016fli tomu, aby brali p\u0159\u00eddavky na d\u011bti a nebo, aby se jim zv\u00fd\u0161il p\u0159\u00edsp\u011bvek na bydlen\u00ed. Podle m\u00e9ho n\u00e1zoru tohle je opravdu hnusn\u00e9 a nel\u00edb\u00ed se mi to. A\u00a0tohle bych n\u011bjak korigovala. Tvoje kamar\u00e1dka te\u010fka p\u016fjde na um\u011bl\u00e9 oplodn\u011bn\u00ed.Tak\u017ee se t\u011b\u0161\u00edm a budu doufat, \u017ee moje kamar\u00e1dka bude m\u00edt d\u00edt\u011b. Ona u\u017e toti\u017e jednou\u00a0potratila a \u0159ekla, \u017ee pokud potrat\u00ed podruh\u00e9, \u017ee u\u017e do toho nep\u016fjde a \u017ee pr\u00fd to psychicky u\u017e nezvl\u00e1dne. J\u00e1 se kamar\u00e1dce ani nediv\u00edm, proto\u017ee ona u\u017e m\u00e1 tak naru\u0161enou psychiku kv\u016fli tomu, \u017ee nem\u016f\u017ee m\u00edt d\u011bti, nebo \u017ee potratila, \u017ee dal\u0161\u00ed sm\u016flu u\u017e by asi nep\u0159e\u017eila, u\u017e by to psychicky nezvl\u00e1dla, tak\u017ee kamar\u00e1dce budu dr\u017eet palce, aby se j\u00ed u\u017e poda\u0159ilo kone\u010dn\u011b ot\u011bhotn\u011bt. Moje kamar\u00e1dka by si tohle zaslou\u017eila, dokonce u\u017e m\u00e1 hotov\u00fd i pokoj\u00ed\u010dek.\u00a0                                                                                                                                                                                                                                                                                                                                                                                        4.8\/5 - (6 votes)        "},{"@context":"https:\/\/schema.org\/","@type":"BreadcrumbList","itemListElement":[{"@type":"ListItem","position":1,"name":"Kamar\u00e1dka a t\u011bhotenstv\u00ed","item":"https:\/\/www.sonoras.cz\/kamaradka-a-tehotenstvi\/#breadcrumbitem"}]}]