[{"@context":"https:\/\/schema.org\/","@type":"Article","@id":"https:\/\/www.sonoras.cz\/je-sedaci-pytel-mic-lepsi-nez-klasicky\/#Article","mainEntityOfPage":"https:\/\/www.sonoras.cz\/je-sedaci-pytel-mic-lepsi-nez-klasicky\/","headline":"Je sedac\u00ed pytel m\u00ed\u010d lep\u0161\u00ed ne\u017e klasick\u00fd?","name":"Je sedac\u00ed pytel m\u00ed\u010d lep\u0161\u00ed ne\u017e klasick\u00fd?","description":"Nen\u00ed asi t\u0159eba \u0159\u00edkat, \u017ee dne\u0161n\u00ed doba je z velk\u00e9 \u010d\u00e1sti sedav\u00e1. A to plat\u00ed pro v\u0161echny v\u011bkov\u00e9 kategorie. Zam\u011bstn\u00e1n\u00ed, s ur\u010dit\u00fdmi v\u00fdjimkami, samoz\u0159ejm\u011b, se obvykle skl\u00e1d\u00e1 ze sedav\u00e9 pr\u00e1ce <a class=\"more-link\" href=\"https:\/\/www.sonoras.cz\/je-sedaci-pytel-mic-lepsi-nez-klasicky\/\">[ . . . ]<\/a>","datePublished":"2020-09-15","dateModified":"2020-09-15","author":{"@type":"Person","@id":"https:\/\/www.sonoras.cz\/author\/#Person","name":"","url":"https:\/\/www.sonoras.cz\/author\/","identifier":1,"image":{"@type":"ImageObject","@id":"https:\/\/secure.gravatar.com\/avatar\/04053961f5a3d2af1f56d865c7fc774bb6a80b9754b2f4c57fa4f8cefa253bd4?s=96&d=mm&r=g","url":"https:\/\/secure.gravatar.com\/avatar\/04053961f5a3d2af1f56d865c7fc774bb6a80b9754b2f4c57fa4f8cefa253bd4?s=96&d=mm&r=g","height":96,"width":96}},"publisher":{"@type":"Organization","name":"sonoras.cz","logo":{"@type":"ImageObject","@id":"\/logo.png","url":"\/logo.png","width":600,"height":60}},"image":{"@type":"ImageObject","@id":"https:\/\/www.sonoras.cz\/wp-content\/uploads\/beanbag1_5.png","url":"https:\/\/www.sonoras.cz\/wp-content\/uploads\/beanbag1_5.png","height":0,"width":0},"url":"https:\/\/www.sonoras.cz\/je-sedaci-pytel-mic-lepsi-nez-klasicky\/","about":["N\u00e1kupy"],"wordCount":425,"articleBody":"       Nen\u00ed asi t\u0159eba \u0159\u00edkat, \u017ee dne\u0161n\u00ed doba je z velk\u00e9 \u010d\u00e1sti sedav\u00e1. A to plat\u00ed pro v\u0161echny v\u011bkov\u00e9 kategorie. Zam\u011bstn\u00e1n\u00ed, s ur\u010dit\u00fdmi v\u00fdjimkami, samoz\u0159ejm\u011b, se obvykle skl\u00e1d\u00e1 ze sedav\u00e9 pr\u00e1ce u po\u010d\u00edta\u010de \u010di u pokladny. D\u011bti pak prosed\u00ed v\u00edce ne\u017e p\u016fl dne ve \u0161kole. Je tedy jasn\u00e9, \u017ee pokud nechceme m\u00edt v budoucnu zdravotn\u00ed probl\u00e9my, p\u0159edev\u0161\u00edm pak s p\u00e1te\u0159\u00ed, je nutn\u00e9 spr\u00e1vn\u011b sed\u011bt.K tomu je samoz\u0159ejm\u011b dobr\u00e9 vyu\u017e\u00edt nejr\u016fzn\u011bj\u0161\u00edch typ\u016f sedac\u00edho n\u00e1bytku. Mezi nimi je pak dobr\u00e9 vybrat takov\u00fd, kter\u00fd bude spr\u00e1vn\u00fd styl sezen\u00ed podporovat. Nap\u0159\u00edklad m\u011bkk\u00e9, hlubok\u00e9 k\u0159eslo je sice ide\u00e1ln\u00ed pro to, abyste se do n\u011bj sto\u010dili s kn\u00ed\u017ekou, av\u0161ak pro ka\u017edodenn\u00ed dlouhodob\u00e9 sezen\u00ed je naprosto nevhodn\u00e9.Jedn\u00edm z typ\u016f sedac\u00edho n\u00e1bytku, kter\u00fd si z\u00edsk\u00e1v\u00e1 v dom\u00e1cnostech st\u00e1le v\u011bt\u0161\u00ed popularitu, jsou sedac\u00ed pytle. Jedn\u00e1 se o vaky, napln\u011bn\u00e9 obvykle polystyrenovou \u010di jinou drt\u00ed. Jejich v\u00fdhodou je, \u017ee se daj\u00ed snadno tvarovat a p\u0159izp\u016fsob\u00ed se tak komukoliv.Na druhou stranu je nutn\u00e9 sed\u011bt na zemi, nelze je tedy pou\u017e\u00edt u stolu, s v\u00fdjimkou n\u00edzk\u00e9ho k\u00e1vov\u00e9ho. Nav\u00edc vzhledem k tomu, \u017ee nemaj\u00ed pevn\u00fd tvar, podporuj\u00ed \u0161patn\u00e9 n\u00e1vyky p\u0159i sezen\u00ed. A to se m\u016f\u017ee p\u0159i dlouhodob\u00e9m pou\u017e\u00edv\u00e1n\u00ed vymst\u00edt.Vzhledem ke sv\u00e9 oblib\u011b se v\u0161ak za\u010dal vyr\u00e1b\u011bt ve v\u00edce typech. Jedn\u00edm z nich je i sedac\u00ed pytel m\u00ed\u010d Beanbag. Ten se od toho klasick\u00e9ho li\u0161\u00ed t\u00edm, \u017ee nam\u00edsto podlouhl\u00e9ho, pytlovit\u00e9ho tvaru (odtud tak\u00e9 vzniklo jeho jm\u00e9no) je kulat\u00fd. To mimo jin\u00e9 znamen\u00e1, \u017ee se o n\u011bj nelze op\u0159\u00edt, ani si na n\u011bj lehnout. D\u00e1 se na n\u011bm sed\u011bt prakticky jako na m\u011bkk\u00e9m bul\u00e1nku.Co se zdravotn\u00edho hlediska t\u00fd\u010de, zde je pot\u0159eba \u0159\u00edci, \u017ee kulat\u00fd tvar vyhr\u00e1v\u00e1. Nen\u00ed toti\u017e mo\u017en\u00e9 se zde op\u0159\u00edt, podporuje tedy vzp\u0159\u00edmen\u00fd sed. I kdy\u017e klasick\u00e9mu n\u00e1bytku, jako je ergonomicky tvarovan\u00e1 \u017eidle, se rozhodn\u011b nevyrovn\u00e1.Nakonec z\u00e1le\u017e\u00ed jen na v\u00e1s, kter\u00fd si vyberete. Jen dob\u0159e zva\u017ete, zda jej skute\u010dn\u011b budete pou\u017e\u00edvat, a jak\u00e9 jsou jeho v\u00fdhody i nev\u00fdhody, v\u010detn\u011b zdravotn\u00edch. Pak nebudete zklaman\u00ed.                                                                                                                                                                                                                                                                                                                                                                                          4\/5 - (4 votes)        "},{"@context":"https:\/\/schema.org\/","@type":"BreadcrumbList","itemListElement":[{"@type":"ListItem","position":1,"name":"Je sedac\u00ed pytel m\u00ed\u010d lep\u0161\u00ed ne\u017e klasick\u00fd?","item":"https:\/\/www.sonoras.cz\/je-sedaci-pytel-mic-lepsi-nez-klasicky\/#breadcrumbitem"}]}]