[{"@context":"https:\/\/schema.org\/","@type":"Article","@id":"https:\/\/www.sonoras.cz\/jde-vam-o-zdravi\/#Article","mainEntityOfPage":"https:\/\/www.sonoras.cz\/jde-vam-o-zdravi\/","headline":"Jde v\u00e1m o zdrav\u00ed","name":"Jde v\u00e1m o zdrav\u00ed","description":"Jestli v\u00e1m z\u00e1le\u017e\u00ed na va\u0161em zdrav\u00ed, je t\u0159eba, aby ochrana p\u0159ed z\u00e1\u0159en\u00edm vys\u00edla\u010d\u016f mobiln\u00edch oper\u00e1tor\u016f byla jednou z va\u0161ich priorit. Tato za\u0159\u00edzen\u00ed kolem sebe toti\u017e \u0161\u00ed\u0159\u00ed neionizuj\u00edc\u00ed elektromagnetick\u00e9 pole, tak <a class=\"more-link\" href=\"https:\/\/www.sonoras.cz\/jde-vam-o-zdravi\/\">[ . . . ]<\/a>","datePublished":"2024-10-19","dateModified":"2024-10-19","author":{"@type":"Person","@id":"https:\/\/www.sonoras.cz\/author\/#Person","name":"","url":"https:\/\/www.sonoras.cz\/author\/","identifier":1,"image":{"@type":"ImageObject","@id":"https:\/\/secure.gravatar.com\/avatar\/04053961f5a3d2af1f56d865c7fc774bb6a80b9754b2f4c57fa4f8cefa253bd4?s=96&d=mm&r=g","url":"https:\/\/secure.gravatar.com\/avatar\/04053961f5a3d2af1f56d865c7fc774bb6a80b9754b2f4c57fa4f8cefa253bd4?s=96&d=mm&r=g","height":96,"width":96}},"publisher":{"@type":"Organization","name":"sonoras.cz","logo":{"@type":"ImageObject","@id":"\/logo.png","url":"\/logo.png","width":600,"height":60}},"url":"https:\/\/www.sonoras.cz\/jde-vam-o-zdravi\/","wordCount":218,"articleBody":"Jestli v\u00e1m z\u00e1le\u017e\u00ed na va\u0161em zdrav\u00ed, je t\u0159eba, aby ochrana p\u0159ed z\u00e1\u0159en\u00edm vys\u00edla\u010d\u016f mobiln\u00edch oper\u00e1tor\u016f byla jednou z va\u0161ich priorit. Tato za\u0159\u00edzen\u00ed kolem sebe toti\u017e \u0161\u00ed\u0159\u00ed neionizuj\u00edc\u00ed elektromagnetick\u00e9 pole, tak zvan\u00fd elektrosmog, kter\u00fd m\u016f\u017ee zvl\u00e1\u0161t\u011b u citliv\u011bj\u0161\u00edch osob zp\u016fsobovat nejr\u016fzn\u011bj\u0161\u00ed zdravotn\u00ed probl\u00e9my, co\u017e potvrdili u\u017e i nez\u00e1visl\u00e9 l\u00e9ka\u0159sk\u00e9 v\u00fdzkumy a zku\u0161enosti z praxe. Krom\u011b na prvn\u00ed pohled ban\u00e1ln\u00ed \u00fanavy organismu, m\u016f\u017ee doch\u00e1zet ke zm\u011bn\u011b psychick\u00e9ho stavu \u010dlov\u011bka, omezen\u00ed mo\u017enosti koncentrace, zhor\u0161ov\u00e1n\u00ed pam\u011bti a rovn\u011b\u017e mo\u017enosti degenerativn\u00edho onemocn\u011bn\u00ed mozku. Mohli bychom jmenovat celou \u0159adu dal\u0161\u00edch posti\u017een\u00ed &#8211; od vzniku poruchy srde\u010dn\u00ed \u010dinnosti a zm\u011bn v krevn\u00edm obraze a\u017e po vznik tolik ob\u00e1van\u00e9 rakoviny.A\u0165 u\u017e budete kdekoliv, budete proti elektrosmogu chr\u00e1n\u011bn\u00ed v okruhu 400mProto je velmi d\u016fle\u017eit\u00e9 pou\u017e\u00edvat takzvan\u00e9 harmonizuj\u00edc\u00ed prost\u0159edky, kter\u00e9 sice toto elektromagnetick\u00e9 z\u00e1\u0159en\u00ed nest\u00edn\u00ed, ale v\u00fdrazn\u011b sni\u017euj\u00ed jeho negativn\u00ed dopad na zdrav\u00ed \u010dlov\u011bka. Jedn\u00edm z t\u011bchto nejlep\u0161\u00edch prost\u0159edk\u016f, kter\u00e9 je mo\u017eno v sou\u010dasn\u00e9 dob\u011b z\u00edskat na na\u0161em trhu, je BioProtect 400.                                                                                                                                                                                                                                                                                                                                                                                        5\/5 - (2 votes)        "},{"@context":"https:\/\/schema.org\/","@type":"BreadcrumbList","itemListElement":[{"@type":"ListItem","position":1,"name":"Jde v\u00e1m o zdrav\u00ed","item":"https:\/\/www.sonoras.cz\/jde-vam-o-zdravi\/#breadcrumbitem"}]}]